{"id":31262,"date":"2026-04-29T09:30:02","date_gmt":"2026-04-29T07:30:02","guid":{"rendered":"https:\/\/cegarraf.cat\/?p=31262"},"modified":"2026-04-30T16:35:33","modified_gmt":"2026-04-30T14:35:33","slug":"competicio-intercomarcal-gimnastica-ritmica-conjunts-jeec-2025-2026-8","status":"publish","type":"post","link":"https:\/\/cegarraf.cat\/index.php\/noticies\/competicio-intercomarcal-gimnastica-ritmica-conjunts-jeec-2025-2026-8","title":{"rendered":"Competici\u00f3 Intercomarcal Gimn\u00e0stica R\u00edtmica Conjunts (JEEC 2025\/2026)"},"content":{"rendered":"<h4><img loading=\"lazy\" decoding=\"async\" class=\"size-medium wp-image-31261 aligncenter\" src=\"https:\/\/cegarraf.cat\/wp-content\/uploads\/IMG_5963-002-300x300.jpg\" alt=\"\" width=\"300\" height=\"300\" data-id=\"31261\" srcset=\"https:\/\/cegarraf.cat\/wp-content\/uploads\/IMG_5963-002-300x300.jpg 300w, https:\/\/cegarraf.cat\/wp-content\/uploads\/IMG_5963-002-600x600.jpg 600w, https:\/\/cegarraf.cat\/wp-content\/uploads\/IMG_5963-002-200x200.jpg 200w, https:\/\/cegarraf.cat\/wp-content\/uploads\/IMG_5963-002-768x768.jpg 768w, https:\/\/cegarraf.cat\/wp-content\/uploads\/IMG_5963-002.jpg 1365w\" sizes=\"(max-width: 300px) 100vw, 300px\" \/><\/h4>\n<h4>Bon paper de les gimnastes del Garraf a la cloenda de Gimn\u00e0stica R\u00edtmica Conjunts a Vilafranca<\/h4>\n<p>El Pavell\u00f3 Nou de Vilafranca del Pened\u00e8s va acollir aquest passat dissabte, 25 d&#8217;abril, la jornada final de la Competici\u00f3 Intercomarcal de Gimn\u00e0stica R\u00edtmica Conjunts. Les esportistes del CR Sitges-Garraf, CR Levante i Gimn\u00e0stica Ballerina Vilanova van cloure la temporada amb un bon t\u00e8cnic i una gran participaci\u00f3.<\/p>\n<p>La jornada, organitzada pel Consell Esportiu de l&#8217;Alt Pened\u00e8s amb el suport del Consell Catal\u00e0 de l\u2019Esport i la col\u00b7laboraci\u00f3 de la Regidoria d\u2019Esports de Vilafranca del Pened\u00e8s, va reunir un total de 38 conjunts de les comarques de l\u2019Alt Pened\u00e8s i el Garraf.<\/p>\n<p>Aquesta quarta cita posa el punt final a un calendari que ha passat per Sitges, Vilafranca (amb doble parada) i Sant Pere de Ribes. Amb aquest recorregut, la competici\u00f3 es consolida com un referent de l&#8217;esport escolar al territori.<\/p>\n<p><strong>Resultats de la jornada de Gimn\u00e0stica R\u00edtmica Conjunts (25 d&#8217;abril)<\/strong><\/p>\n<p>Destaquem les millors puntuacions aconseguides per les esportistes del Garraf aquest dissabte<\/p>\n<p><strong>Cadet B<\/strong><\/p>\n<ul>\n<li>LILA CAYROL \u2013 LYRA VEGA JUGIVIC \u2013 VICTORIA ZANDRANDI \u2013 CHLOE ALONSO \u2013 NORA S\u00c1NCHEZ \/ CR Levante (11,900)<\/li>\n<\/ul>\n<p><strong>Infantil A<\/strong><\/p>\n<ul>\n<li>ADA SUBIRANAS \u2013 ONA MIR\u00d3 \u2013 EDURNE PEREA \u2013 ANNA J. PACHECO \u2013 DOROTHY DOWNING \u2013 XENIA MACIAS \/ CR Sitges Garraf (21,600)<\/li>\n<\/ul>\n<p><strong>Infantil D-T-Q<\/strong><\/p>\n<ul>\n<li>FRANCESCA MARTIN \u2013 LIA DE LA RUA \u2013 VINYET GONZALEZ \/ CR Sitges Garraf (22,700)<\/li>\n<\/ul>\n<p><strong>Alev\u00ed A<\/strong><\/p>\n<ul>\n<li>ANGELA GARCIA \u2013 JULIA MU\u00d1OZ \u2013 ANNA VIDAL \u2013 MARIA P. OLMOS \u2013 DAFNA VOLFIN \/ CR Levante (24,800)<\/li>\n<\/ul>\n<p><strong>Alev\u00ed B<\/strong><\/p>\n<ul>\n<li>J\u00daLIA RODR\u00cdGUEZ \u2013 GRETA BENIUSERVICIUS \u2013 ALEJANDRA MILLAN \u2013 DALIA SAGANTA \u2013 OLIVIA MONTOYA \/ CR Sitges Garraf (22,400)<\/li>\n<\/ul>\n<p><strong>Benjam\u00ed A<\/strong><\/p>\n<ul>\n<li>NONA ELIAS \u2013 GALA MARCOS \u2013 EMMA JUSTICIA \u2013 QIEN JANG \u2013 ETNA ANGUERA \/ CR Sitges Garraf (23,800)<\/li>\n<\/ul>\n<p><strong>Benjam\u00ed B<\/strong><\/p>\n<ul>\n<li>CLAUDIA GALLES \u2013 GALA GARCIA \u2013 MAR AUBETS \u2013 ARAN BUSTOS \u2013 IRIS BERG\u00d3 \/ Gimn\u00e0stic Ballerina VNG (24,500)<\/li>\n<\/ul>\n<p><strong>Benjam\u00ed C<\/strong><\/p>\n<ul>\n<li>PAULA FRIGULS \u2013 LOLA VILLAZAN \u2013 SOPHIA AKI \u2013 BERTA GEST\u00cd \u2013 OLIVIA DIJHUIZEN \/ CR Sitges Garraf (19,800)<\/li>\n<\/ul>\n<p style=\"text-align: center;\"><a href=\"https:\/\/cegarraf.cat\/wp-content\/uploads\/CLASS-4A-JORNADA-GR-CONJ-25-04-26.pdf\" target=\"_blank\" rel=\"noopener\">Resultats i Classificacions<\/a><\/p>\n<p>&nbsp;<\/p>\n<p><strong>Classificaci\u00f3 Final Competici\u00f3 Intercomarcal Gimn\u00e0stica R\u00edtmica Conjunts (JEEC 2025\/2026)<\/strong><\/p>\n<p>Un cop tancades les quatre jornades, les millors puntuacions globals pels conjunts del Garraf han estat:<\/p>\n<p><strong>Cadet A<\/strong><\/p>\n<ul>\n<li>MENCHU DE VICENTE-TUTOR \u2013 LEYRE SU\u00c1REZ \u2013 KIRA JEZIORNY \u2013 MARIA J. KACHUBA \u2013 JULIA MALHOTRA \u2013 ELIZAVETA GALYAMINA \/ CR Levante (46,100)<\/li>\n<\/ul>\n<p><strong>Cadet B<\/strong><\/p>\n<ul>\n<li>LILA CAYROL \u2013 LYRA VEGA JUGIVIC \u2013 VICTORIA ZANDRANDI \u2013 CHLOE ALONSO \u2013 NORA S\u00c1NCHEZ \/ CR Levante (51,700)<\/li>\n<\/ul>\n<p><strong>Infantil A<\/strong><\/p>\n<ul>\n<li>ADA SUBIRANAS \u2013 ONA MIR\u00d3 \u2013 EDURNE PEREA \u2013 ANNA J. PACHECO \u2013 DOROTHY DOWNING \u2013 XENIA MACIAS \/ CR Sitges Garraf (71,000)<\/li>\n<\/ul>\n<p><strong>Infantil D-T-Q<\/strong><\/p>\n<ul>\n<li>FRANCESCA MARTIN \u2013 LIA DE LA RUA \u2013 VINYET GONZALEZ \/ CR Sitges Garraf (71,400)<\/li>\n<\/ul>\n<p><strong>Alev\u00ed A<\/strong><\/p>\n<ul>\n<li>ANGELA GARCIA \u2013 JULIA MU\u00d1OZ \u2013 ANNA VIDAL \u2013 MARIA P. OLMOS \u2013 DAFNA VOLFIN \/ CR Levante (73,300)<\/li>\n<\/ul>\n<p><strong>Alev\u00ed B<\/strong><\/p>\n<ul>\n<li>J\u00daLIA RODR\u00cdGUEZ \u2013 GRETA BENIUSERVICIUS \u2013 ALEJANDRA MILLAN \u2013 DALIA SAGANTA \u2013 OLIVIA MONTOYA \/ CR Sitges Garraf (74,700)<\/li>\n<\/ul>\n<p><strong>Benjam\u00ed A<\/strong><\/p>\n<ul>\n<li>NONA ELIAS \u2013 GALA MARCOS \u2013 EMMA JUSTICIA \u2013 QIEN JANG \u2013 ETNA ANGUERA \/ CR Sitges Garraf (73,000)<\/li>\n<\/ul>\n<p><strong>Benjam\u00ed B<\/strong><\/p>\n<ul>\n<li>CLAUDIA GALLES \u2013 GALA GARCIA \u2013 MAR AUBETS \u2013 ARAN BUSTOS \u2013 IRIS BERG\u00d3 \/ Gimn\u00e0stic Ballerina VNG (78,700)<\/li>\n<\/ul>\n<p><strong>Benjam\u00ed C<\/strong><\/p>\n<ul>\n<li>PAULA FRIGULS \u2013 LOLA VILLAZAN \u2013 SOPHIA AKI \u2013 BERTA GEST\u00cd \u2013 OLIVIA DIJHUIZEN \/ CR Sitges Garraf (68,600)<\/li>\n<\/ul>\n<p style=\"text-align: center;\"><a href=\"https:\/\/cegarraf.cat\/wp-content\/uploads\/CLASSIFICACIO-FINAL-GR-CONJUNTS-CURS-2025-26.pdf\" target=\"_blank\" rel=\"noopener\">Resultats i Classificacions<\/a><\/p>\n<p style=\"text-align: center;\">Els Jocs Esportius Escolars de Catalunya (JEEC) \u00e9s el programa de la Generalitat de Catalunya que t\u00e9 com a objectiu principal impulsar la transmissi\u00f3 de valors socials i l\u2019adquisici\u00f3 d\u2019h\u00e0bits saludables, mitjan\u00e7ant un model de competici\u00f3 i activitat esportiva escolar educativa i participativa.<\/p>\n<p style=\"text-align: center;\">La Fase Comarcal del Garraf compta amb el suport dels ajuntaments de Canyelles, Cubelles, Olivella, Sant Pere de Ribes, Sitges i Vilanova i la Geltr\u00fa aix\u00ed com del Consell Catal\u00e0 de l\u2019Esport, el Consell Comarcal del Garraf i la Diputaci\u00f3 de Barcelona.<\/p>\n<p style=\"text-align: center;\"><strong>www.cegarraf.cat<\/strong><\/p>\n","protected":false},"excerpt":{"rendered":"<p>Bon paper de les gimnastes del Garraf a la cloenda de Gimn\u00e0stica R\u00edtmica Conjunts a Vilafranca<\/p>\n","protected":false},"author":2,"featured_media":31261,"comment_status":"closed","ping_status":"closed","sticky":false,"template":"","format":"standard","meta":{"_monsterinsights_skip_tracking":false,"_monsterinsights_sitenote_active":false,"_monsterinsights_sitenote_note":"","_monsterinsights_sitenote_category":0,"footnotes":""},"categories":[11,2],"tags":[],"aioseo_notices":[],"publishpress_future_action":{"enabled":false,"date":"2026-05-09 13:58:56","action":"change-status","newStatus":"draft","terms":[],"taxonomy":"category"},"_links":{"self":[{"href":"https:\/\/cegarraf.cat\/index.php\/wp-json\/wp\/v2\/posts\/31262"}],"collection":[{"href":"https:\/\/cegarraf.cat\/index.php\/wp-json\/wp\/v2\/posts"}],"about":[{"href":"https:\/\/cegarraf.cat\/index.php\/wp-json\/wp\/v2\/types\/post"}],"author":[{"embeddable":true,"href":"https:\/\/cegarraf.cat\/index.php\/wp-json\/wp\/v2\/users\/2"}],"replies":[{"embeddable":true,"href":"https:\/\/cegarraf.cat\/index.php\/wp-json\/wp\/v2\/comments?post=31262"}],"version-history":[{"count":5,"href":"https:\/\/cegarraf.cat\/index.php\/wp-json\/wp\/v2\/posts\/31262\/revisions"}],"predecessor-version":[{"id":31267,"href":"https:\/\/cegarraf.cat\/index.php\/wp-json\/wp\/v2\/posts\/31262\/revisions\/31267"}],"wp:featuredmedia":[{"embeddable":true,"href":"https:\/\/cegarraf.cat\/index.php\/wp-json\/wp\/v2\/media\/31261"}],"wp:attachment":[{"href":"https:\/\/cegarraf.cat\/index.php\/wp-json\/wp\/v2\/media?parent=31262"}],"wp:term":[{"taxonomy":"category","embeddable":true,"href":"https:\/\/cegarraf.cat\/index.php\/wp-json\/wp\/v2\/categories?post=31262"},{"taxonomy":"post_tag","embeddable":true,"href":"https:\/\/cegarraf.cat\/index.php\/wp-json\/wp\/v2\/tags?post=31262"}],"curies":[{"name":"wp","href":"https:\/\/api.w.org\/{rel}","templated":true}]}}