{"id":31234,"date":"2026-04-27T14:21:40","date_gmt":"2026-04-27T12:21:40","guid":{"rendered":"https:\/\/cegarraf.cat\/?p=31234"},"modified":"2026-04-28T14:36:58","modified_gmt":"2026-04-28T12:36:58","slug":"competicio-comarcal-descacs-escolar-jeec-2025-2026-5","status":"publish","type":"post","link":"https:\/\/cegarraf.cat\/index.php\/noticies\/competicio-comarcal-descacs-escolar-jeec-2025-2026-5","title":{"rendered":"COMPETICI\u00d3 COMARCAL D\u2019ESCACS ESCOLAR (JEEC 2025\/2026)"},"content":{"rendered":"<p><img loading=\"lazy\" decoding=\"async\" class=\"size-medium wp-image-31233 aligncenter\" src=\"https:\/\/cegarraf.cat\/wp-content\/uploads\/imatge-escacs-300x300.jpeg\" alt=\"\" width=\"300\" height=\"300\" data-id=\"31233\" srcset=\"https:\/\/cegarraf.cat\/wp-content\/uploads\/imatge-escacs-300x300.jpeg 300w, https:\/\/cegarraf.cat\/wp-content\/uploads\/imatge-escacs-600x600.jpeg 600w, https:\/\/cegarraf.cat\/wp-content\/uploads\/imatge-escacs-200x200.jpeg 200w, https:\/\/cegarraf.cat\/wp-content\/uploads\/imatge-escacs-768x768.jpeg 768w, https:\/\/cegarraf.cat\/wp-content\/uploads\/imatge-escacs.jpeg 1048w\" sizes=\"(max-width: 300px) 100vw, 300px\" \/><\/p>\n<p><strong>El Centre C\u00edvic del Tac\u00f3 de Vilanova i la Geltr\u00fa va acollir divendres la jornada final dels JEEC, amb participaci\u00f3 d&#8217;infants i joves de diversos municipis de la comarca<\/strong><\/p>\n<p>La competici\u00f3 d\u2019escacs dels\u00a0Jocs Esportius Escolars de Catalunya (JEEC)\u00a0al Garraf ha posat el punt final a l&#8217;edici\u00f3 actual. Despr\u00e9s de tres jornades de competici\u00f3, el passat divendres 24 d\u2019abril es van decidir les classificacions definitives en una trobada marcada per l\u2019esportivitat i bon comportament de totes les persones participants.<\/p>\n<p>Els i les eportistes que han assolit el <strong class=\"Yjhzub\" data-sfc-root=\"c\" data-sfc-cb=\"\" data-complete=\"true\" data-processed=\"true\">primer lloc<\/strong>\u00a0en les seves respectives categories \u2014fita que comporta la possibilitat de participar en les\u00a0<strong class=\"Yjhzub\" data-sfc-root=\"c\" data-sfc-cb=\"\" data-complete=\"true\" data-processed=\"true\">Finals Nacionals<\/strong>\u00a0d&#8217;aquelles categories convocades\u2014 ha estat el seg\u00fcent:<\/p>\n<ul>\n<li><strong>Prebenjam\u00ed:<\/strong>\u00a0Mart\u00ed Dolz Mart\u00ed (Escola Ginesta)<\/li>\n<li><strong>Benjam\u00ed:<\/strong>\u00a0Lia Barcons Barbacil (Escola Pompeu Fabra)<\/li>\n<li><strong>Alev\u00ed:<\/strong>\u00a0Victor Pe\u00f1a Obach (Escola Ginesta)<\/li>\n<li><strong>Cadet:<\/strong>\u00a0Gabriel Pe\u00f1a Obach (Gran Penya)<\/li>\n<li><strong>Juvenil:<\/strong>\u00a0Ainhoa Jimenez Salamanca (IES Dolors Mallafr\u00e8 i Ros)<\/li>\n<\/ul>\n<p style=\"text-align: center;\"><a href=\"https:\/\/cegarraf.cat\/wp-content\/uploads\/RESULTATS-PRE-BE-Jornada-3-i-final.pdf\" target=\"_blank\" rel=\"noopener\"><strong>CLASSIFICACIONS PREBENJAM\u00cd\/BENJAM\u00cd<\/strong><\/a><\/p>\n<p style=\"text-align: center;\"><a href=\"https:\/\/cegarraf.cat\/wp-content\/uploads\/RESULTATS-ALE-CAD-JUV-Jornada-3-i-final.pdf\" target=\"_blank\" rel=\"noopener\"><strong>CLASSIFCACIONS ALEV\u00cd\/CADET\/JUVENIL<\/strong><\/a><\/p>\n<p style=\"text-align: center;\"><em>Els Jocs Esportius Escolars de Catalunya (JEEC) \u00e9s el programa de la\u00a0<a href=\"https:\/\/esport.gencat.cat\/ca\/arees_dactuacio\/escolar\/\">Generalitat de Catalunya<\/a>\u00a0que t\u00e9 com a objectiu principal impulsar la transmissi\u00f3 de valors socials i l\u2019adquisici\u00f3 d\u2019h\u00e0bits saludables, mitjan\u00e7ant un\u00a0<\/em><strong><em>model de competici\u00f3<\/em><\/strong><em>\u00a0i\u00a0<\/em><strong><em>activitat esportiva escolar<\/em><\/strong><em>\u00a0educativa i participativa<\/em>.<\/p>\n<p style=\"text-align: center;\"><em>La Fase Comarcal del Garraf compta amb el suport dels ajuntaments de Canyelles, Cubelles, Olivella, Sant Pere de Ribes, Sitges i Vilanova i la Geltr\u00fa aix\u00ed com del Consell catal\u00e0 de l\u2019Esport, el Comarcal del Garraf i la Diputaci\u00f3 de Barcelona.<\/em><\/p>\n<p style=\"text-align: center;\"><strong>www.cegarraf.cat<\/strong><\/p>\n","protected":false},"excerpt":{"rendered":"<p>El Centre C\u00edvic del Tac\u00f3 de Vilanova i la Geltr\u00fa va acollir divendres la jornada final dels JEEC, amb participaci\u00f3 d&#8217;infants i joves de diversos municipis de la comarca<\/p>\n","protected":false},"author":2,"featured_media":31233,"comment_status":"closed","ping_status":"closed","sticky":false,"template":"","format":"standard","meta":{"_monsterinsights_skip_tracking":false,"_monsterinsights_sitenote_active":false,"_monsterinsights_sitenote_note":"","_monsterinsights_sitenote_category":0,"footnotes":""},"categories":[11,2],"tags":[],"aioseo_notices":[],"publishpress_future_action":{"enabled":false,"date":"2026-05-09 13:43:15","action":"change-status","newStatus":"draft","terms":[],"taxonomy":"category"},"_links":{"self":[{"href":"https:\/\/cegarraf.cat\/index.php\/wp-json\/wp\/v2\/posts\/31234"}],"collection":[{"href":"https:\/\/cegarraf.cat\/index.php\/wp-json\/wp\/v2\/posts"}],"about":[{"href":"https:\/\/cegarraf.cat\/index.php\/wp-json\/wp\/v2\/types\/post"}],"author":[{"embeddable":true,"href":"https:\/\/cegarraf.cat\/index.php\/wp-json\/wp\/v2\/users\/2"}],"replies":[{"embeddable":true,"href":"https:\/\/cegarraf.cat\/index.php\/wp-json\/wp\/v2\/comments?post=31234"}],"version-history":[{"count":3,"href":"https:\/\/cegarraf.cat\/index.php\/wp-json\/wp\/v2\/posts\/31234\/revisions"}],"predecessor-version":[{"id":31237,"href":"https:\/\/cegarraf.cat\/index.php\/wp-json\/wp\/v2\/posts\/31234\/revisions\/31237"}],"wp:featuredmedia":[{"embeddable":true,"href":"https:\/\/cegarraf.cat\/index.php\/wp-json\/wp\/v2\/media\/31233"}],"wp:attachment":[{"href":"https:\/\/cegarraf.cat\/index.php\/wp-json\/wp\/v2\/media?parent=31234"}],"wp:term":[{"taxonomy":"category","embeddable":true,"href":"https:\/\/cegarraf.cat\/index.php\/wp-json\/wp\/v2\/categories?post=31234"},{"taxonomy":"post_tag","embeddable":true,"href":"https:\/\/cegarraf.cat\/index.php\/wp-json\/wp\/v2\/tags?post=31234"}],"curies":[{"name":"wp","href":"https:\/\/api.w.org\/{rel}","templated":true}]}}