{"id":31227,"date":"2026-04-27T23:23:33","date_gmt":"2026-04-27T21:23:33","guid":{"rendered":"https:\/\/cegarraf.cat\/?p=31227"},"modified":"2026-04-27T23:26:14","modified_gmt":"2026-04-27T21:26:14","slug":"competicio-comarcal-de-patinatge-artistic-jeec-2025-2026-7","status":"publish","type":"post","link":"https:\/\/cegarraf.cat\/index.php\/noticies\/competicio-comarcal-de-patinatge-artistic-jeec-2025-2026-7","title":{"rendered":"COMPETICI\u00d3 COMARCAL DE PATINATGE ART\u00cdSTIC (JEEC 2025\/2026)"},"content":{"rendered":"<h4><img loading=\"lazy\" decoding=\"async\" class=\"size-medium wp-image-31226 aligncenter\" src=\"https:\/\/cegarraf.cat\/wp-content\/uploads\/MEDALLES-300x300.jpeg\" alt=\"\" width=\"300\" height=\"300\" data-id=\"31226\" srcset=\"https:\/\/cegarraf.cat\/wp-content\/uploads\/MEDALLES-300x300.jpeg 300w, https:\/\/cegarraf.cat\/wp-content\/uploads\/MEDALLES-600x600.jpeg 600w, https:\/\/cegarraf.cat\/wp-content\/uploads\/MEDALLES-200x200.jpeg 200w, https:\/\/cegarraf.cat\/wp-content\/uploads\/MEDALLES-768x768.jpeg 768w, https:\/\/cegarraf.cat\/wp-content\/uploads\/MEDALLES-1536x1536.jpeg 1536w, https:\/\/cegarraf.cat\/wp-content\/uploads\/MEDALLES-2048x2048.jpeg 2048w\" sizes=\"(max-width: 300px) 100vw, 300px\" \/><\/h4>\n<h4><span style=\"color: #0a0a0a;\"><span style=\"font-family: Arial, sans-serif;\"><span style=\"font-size: small;\">El Pavell\u00f3 Emma Roca de Canyelles reunieix el millor patinatge art\u00edstic escolar del Garraf<\/span><\/span><\/span><\/h4>\n<p align=\"justify\"><span style=\"color: #0a0a0a;\"> <span style=\"font-family: Arial, sans-serif;\"><span style=\"font-size: small;\">El passat diumenge <\/span><\/span><\/span><span style=\"color: #0a0a0a;\"><span style=\"font-family: Arial, sans-serif;\"><span style=\"font-size: small;\">26 d\u2019abril<\/span><\/span><\/span><span style=\"color: #0a0a0a;\"><span style=\"font-family: Arial, sans-serif;\"><span style=\"font-size: small;\">, el Pavell\u00f3 Emma Roca es va convertir en l\u2019epicentre del patinatge art\u00edstic comarcal. La cita va tancar la fase de competici\u00f3 dels Jocs Esportius Escolars de Catalunya (JEEC 25\/26) al Garraf, reunint <\/span><\/span><\/span><span style=\"color: #0a0a0a;\"><span style=\"font-family: Arial, sans-serif;\"><span style=\"font-size: small;\">les deu millors puntuacions <\/span><\/span><\/span><span style=\"color: #0a0a0a;\"><span style=\"font-family: Arial, sans-serif;\"><span style=\"font-size: small;\">de cada categoria obtingudes durant les jornades pr\u00e8vies.<\/span><\/span><\/span><\/p>\n<p align=\"justify\"><span style=\"color: #0a0a0a;\"><span style=\"font-family: Arial, sans-serif;\"><span style=\"font-size: small;\">L&#8217;esdeveniment, organitzat pel Consell Esportiu del Garraf amb el suport <\/span><\/span><\/span><span style=\"color: #0a0a0a;\"><span style=\"font-family: Arial, sans-serif;\"><span style=\"font-size: small;\">d<\/span><\/span><\/span><span style=\"color: #0a0a0a;\"><span style=\"font-family: Arial, sans-serif;\"><span style=\"font-size: small;\">el Consell Catal\u00e0 de l\u2019Esport, <\/span><\/span><\/span><span style=\"color: #0a0a0a;\"><span style=\"font-family: Arial, sans-serif;\"><span style=\"font-size: small;\">i la col\u00b7laboraci\u00f3 de la Regidoria d\u2019Esports de Canyelles<\/span><\/span><\/span><span style=\"color: #0a0a0a;\"><span style=\"font-family: Arial, sans-serif;\"><span style=\"font-size: small;\"> es va desenvolupar durant tot el dia. <\/span><\/span><\/span><span style=\"color: #0a0a0a;\"><span style=\"font-family: Arial, sans-serif;\"><span style=\"font-size: small;\">La jornada es va dividir en dues sessions<\/span><\/span><\/span><span style=\"color: #0a0a0a;\"><span style=\"font-family: Arial, sans-serif;\"><span style=\"font-size: small;\">, mat\u00ed i tarda, per garantir el correcte seguiment de les actuacions i una millor organitzaci\u00f3 davant <\/span><\/span><\/span><span style=\"color: #0a0a0a;\"><span style=\"font-family: Arial, sans-serif;\"><span style=\"font-size: small;\">el<\/span><\/span><\/span><span style=\"color: #0a0a0a;\"><span style=\"font-family: Arial, sans-serif;\"><span style=\"font-size: small;\"> gran <\/span><\/span><\/span><span style=\"color: #0a0a0a;\"><span style=\"font-family: Arial, sans-serif;\"><span style=\"font-size: small;\">nombre de categories convocades.<\/span><\/span><\/span><\/p>\n<p align=\"justify\"><span style=\"color: #0a0a0a;\"><span style=\"font-family: Arial, sans-serif;\"><span style=\"font-size: small;\"><b>Protagonisme institucional en el lliurament de medalles<\/b><\/span><\/span><\/span><\/p>\n<p align=\"justify\"><span style=\"color: #0a0a0a;\"><span style=\"font-family: Arial, sans-serif;\"><span style=\"font-size: small;\">L&#8217;acte va comptar amb una destacada pres\u00e8ncia institucional per recon\u00e8ixer l&#8217;esfor\u00e7 i la dedicaci\u00f3 <\/span><\/span><\/span><span style=\"color: #0a0a0a;\"><span style=\"font-family: Arial, sans-serif;\"><span style=\"font-size: small;\">dels i les esportistes participants<\/span><\/span><\/span><span style=\"color: #0a0a0a;\"><span style=\"font-family: Arial, sans-serif;\"><span style=\"font-size: small;\">. El lliurament de medalles de la\u00a0<\/span><\/span><\/span><span style=\"color: #0a0a0a;\"><span style=\"font-family: Arial, sans-serif;\"><span style=\"font-size: small;\">sessi\u00f3 de mat\u00ed<\/span><\/span><\/span><span style=\"color: #0a0a0a;\"><span style=\"font-family: Arial, sans-serif;\"><span style=\"font-size: small;\">\u00a0va anar a c\u00e0rrec de l\u2019alcaldessa de Canyelles, la senyora <\/span><\/span><\/span><span style=\"color: #0a0a0a;\"><span style=\"font-family: Arial, sans-serif;\"><span style=\"font-size: small;\">Rosa Huguet<\/span><\/span><\/span><span style=\"color: #0a0a0a;\"><span style=\"font-family: Arial, sans-serif;\"><span style=\"font-size: small;\">. Per la seva banda, en la <\/span><\/span><\/span><span style=\"color: #0a0a0a;\"><span style=\"font-family: Arial, sans-serif;\"><span style=\"font-size: small;\">sessi\u00f3 de tarda<\/span><\/span><\/span><span style=\"color: #0a0a0a;\"><span style=\"font-family: Arial, sans-serif;\"><span style=\"font-size: small;\">, el regidor <\/span><\/span><\/span><span style=\"color: #0a0a0a;\"><span style=\"font-family: Arial, sans-serif;\"><span style=\"font-size: small;\">a<\/span><\/span><\/span><span style=\"color: #0a0a0a;\"><span style=\"font-family: Arial, sans-serif;\"><span style=\"font-size: small;\">djunt <\/span><\/span><\/span><span style=\"color: #0a0a0a;\"><span style=\"font-family: Arial, sans-serif;\"><span style=\"font-size: small;\">de<\/span><\/span><\/span><span style=\"color: #0a0a0a;\"><span style=\"font-family: Arial, sans-serif;\"><span style=\"font-size: small;\"> Municipi Esportiu i Saludable, el senyor <\/span><\/span><\/span><span style=\"color: #0a0a0a;\"><span style=\"font-family: Arial, sans-serif;\"><span style=\"font-size: small;\">Josep Del Santo<\/span><\/span><\/span><span style=\"color: #0a0a0a;\"><span style=\"font-family: Arial, sans-serif;\"><span style=\"font-size: small;\">, va ser l&#8217;encarregat de lliurar els guardons.<\/span><\/span><\/span><\/p>\n<p align=\"justify\"><span style=\"color: #0a0a0a;\"><span style=\"font-family: Arial, sans-serif;\"><span style=\"font-size: small;\"><b>Una participaci\u00f3 plural de tota la comarca<\/b><\/span><\/span><\/span><\/p>\n<p align=\"justify\"><span style=\"color: #0a0a0a;\"><span style=\"font-family: Arial, sans-serif;\"><span style=\"font-size: small;\">Aquesta temporada, la competici\u00f3 ha comptat amb una representaci\u00f3 diversa de clubs i centres escolars: l&#8217;AESN Canyelles i el CPA Canyelles-Garraf; les AFA de les escoles Canig\u00f3, El Cim, Ginesta i Pompeu Fabra, juntament amb el CPA Vilanova i el PA Sitges.<\/span><\/span><\/span><\/p>\n<p><span style=\"color: #0a0a0a;\"><span style=\"font-family: Arial, sans-serif;\"><span style=\"font-size: small;\"><b>El quadre d\u2019honor de la jornada<\/b><\/span><\/span><\/span><\/p>\n<p><span style=\"color: #0a0a0a;\"><span style=\"font-family: Arial, sans-serif;\"><span style=\"font-size: small;\">L<\/span><\/span><\/span><span style=\"color: #0a0a0a;\"><span style=\"font-family: Arial, sans-serif;\"><span style=\"font-size: small;\">es millors puntuacions en cada categoria va ser:<\/span><\/span><\/span><\/p>\n<p><span style=\"color: #444444;\"><span style=\"font-family: Arial, sans-serif;\"><span style=\"font-size: small;\"><strong>Cadet\/Juvenil B<\/strong><\/span><\/span><\/span><\/p>\n<ul>\n<li><span style=\"color: #444444;\"><span style=\"font-family: Arial, sans-serif;\"><span style=\"font-size: small;\">Aroa Armero \u2013 CPA Canyelles-Garraf (41,40)<\/span><\/span><\/span><\/li>\n<\/ul>\n<p><span style=\"color: #444444;\"><span style=\"font-family: Arial, sans-serif;\"><span style=\"font-size: small;\"><strong>Infantil B<\/strong><\/span><\/span><\/span><\/p>\n<ul>\n<li><span style=\"color: #444444;\"><span style=\"font-family: Arial, sans-serif;\"><span style=\"font-size: small;\">Isabella Mu\u00f1oz \u2013 CPA Canyelles-Garraf (44,20)<\/span><\/span><\/span><\/li>\n<\/ul>\n<p><span style=\"color: #444444;\"><span style=\"font-family: Arial, sans-serif;\"><span style=\"font-size: small;\"><strong>Infantil C<\/strong><\/span><\/span><\/span><\/p>\n<ul>\n<li><span style=\"color: #444444;\"><span style=\"font-family: Arial, sans-serif;\"><span style=\"font-size: small;\">Noa Romero \u2013 AESN Canyelles (43,80)<\/span><\/span><\/span><\/li>\n<\/ul>\n<p><span style=\"color: #444444;\"><span style=\"font-family: Arial, sans-serif;\"><span style=\"font-size: small;\"><strong>Infantil Open<\/strong><\/span><\/span><\/span><\/p>\n<ul>\n<li><span style=\"color: #444444;\"><span style=\"font-family: Arial, sans-serif;\"><span style=\"font-size: small;\">Judit Dozsa \u2013 CPA Canyelles-Garraf (34,40)<\/span><\/span><\/span><\/li>\n<\/ul>\n<p><span style=\"color: #444444;\"><span style=\"font-family: Arial, sans-serif;\"><span style=\"font-size: small;\"><strong>Alev\u00ed A<\/strong><\/span><\/span><\/span><\/p>\n<ul>\n<li><span style=\"color: #444444;\"><span style=\"font-family: Arial, sans-serif;\"><span style=\"font-size: small;\">Emma Perez \u2013 PA Sitges (50,50)<\/span><\/span><\/span><\/li>\n<\/ul>\n<p><span style=\"color: #444444;\"><span style=\"font-family: Arial, sans-serif;\"><span style=\"font-size: small;\"><strong>Alev\u00ed B<\/strong><\/span><\/span><\/span><\/p>\n<ul>\n<li><span style=\"color: #444444;\"><span style=\"font-family: Arial, sans-serif;\"><span style=\"font-size: small;\">Carla Aubi \u2013 CPA Vilanova (44,60)<\/span><\/span><\/span><\/li>\n<\/ul>\n<p><span style=\"color: #444444;\"><span style=\"font-family: Arial, sans-serif;\"><span style=\"font-size: small;\"><strong>Alev\u00ed C<\/strong><\/span><\/span><\/span><\/p>\n<ul>\n<li><span style=\"color: #444444;\"><span style=\"font-family: Arial, sans-serif;\"><span style=\"font-size: small;\">Alejandra Cortes \u2013 APA Sitges (39,00)<\/span><\/span><\/span><\/li>\n<\/ul>\n<p><span style=\"color: #444444;\"><span style=\"font-family: Arial, sans-serif;\"><span style=\"font-size: small;\"><strong>Benjam\u00ed A<\/strong><\/span><\/span><\/span><\/p>\n<ul>\n<li><span style=\"color: #444444;\"><span style=\"font-family: Arial, sans-serif;\"><span style=\"font-size: small;\">Nia Garcia \u2013 AESN Canyelles (48,90)<\/span><\/span><\/span><\/li>\n<\/ul>\n<p><span style=\"color: #444444;\"><span style=\"font-family: Arial, sans-serif;\"><span style=\"font-size: small;\"><strong>Benjam\u00ed B<\/strong><\/span><\/span><\/span><\/p>\n<ul>\n<li><span style=\"color: #444444;\"><span style=\"font-family: Arial, sans-serif;\"><span style=\"font-size: small;\">Jsol Poz\u00f3n \u2013 AFA El Cim\u00a0 (46,10)<\/span><\/span><\/span><\/li>\n<\/ul>\n<p><span style=\"color: #444444;\"><span style=\"font-family: Arial, sans-serif;\"><span style=\"font-size: small;\"><strong>Benjam\u00ed C<\/strong><\/span><\/span><\/span><\/p>\n<ul>\n<li><span style=\"color: #444444;\"><span style=\"font-family: Arial, sans-serif;\"><span style=\"font-size: small;\">Nour Mohamed \u2013 CPA Vilanova (40,70)<\/span><\/span><\/span><\/li>\n<\/ul>\n<p><span style=\"color: #444444;\"><span style=\"font-family: Arial, sans-serif;\"><span style=\"font-size: small;\"><strong>Prebenjam\u00ed A<\/strong><\/span><\/span><\/span><\/p>\n<ul>\n<li><span style=\"color: #444444;\"><span style=\"font-family: Arial, sans-serif;\"><span style=\"font-size: small;\">Neus Molero \u2013 AESN Canyelles (39,30)<\/span><\/span><\/span><\/li>\n<\/ul>\n<p><span style=\"color: #444444;\"><span style=\"font-family: Arial, sans-serif;\"><span style=\"font-size: small;\"><strong>Prebenjam\u00ed B<\/strong><\/span><\/span><\/span><\/p>\n<ul>\n<li><span style=\"color: #444444;\"><span style=\"font-family: Arial, sans-serif;\"><span style=\"font-size: small;\">Maya Torres \u2013 AESN Canyelles (36,30)<\/span><\/span><\/span><\/li>\n<\/ul>\n<p><span style=\"color: #444444;\"><span style=\"font-family: Arial, sans-serif;\"><span style=\"font-size: small;\"><strong>Prebenjam\u00ed C (2n any)<\/strong><\/span><\/span><\/span><\/p>\n<ul>\n<li><span style=\"color: #444444;\"><span style=\"font-family: Arial, sans-serif;\"><span style=\"font-size: small;\">Zoe Revang \u2013 CPA Canyelles-Garraf (39,10)<\/span><\/span><\/span><\/li>\n<\/ul>\n<p><span style=\"color: #444444;\"><span style=\"font-family: Arial, sans-serif;\"><span style=\"font-size: small;\"><strong>Prebenjam\u00ed C (1r any)<\/strong><\/span><\/span><\/span><\/p>\n<ul>\n<li><span style=\"color: #444444;\"><span style=\"font-family: Arial, sans-serif;\"><span style=\"font-size: small;\">Iris Kreidl \u2013 PA Sitges(39,20)<\/span><\/span><\/span><\/li>\n<\/ul>\n<p><span style=\"color: #0a0a0a;\"><span style=\"font-family: Arial, sans-serif;\"><span style=\"font-size: small;\"><b>Valors m\u00e9s enll\u00e0 de la pista<\/b><\/span><\/span><\/span><\/p>\n<p><span style=\"color: #0a0a0a;\"><span style=\"font-family: Arial, sans-serif;\"><span style=\"font-size: small;\">Els JEEC, impulsats per la Generalitat de Catalunya, tenen com a objectiu principal la transmissi\u00f3 de valors socials i el foment d&#8217;h\u00e0bits saludables. Aquesta fase comarcal ha estat possible gr\u00e0cies a la col\u00b7laboraci\u00f3 dels ajuntaments de Canyelles, Cubelles, Olivella, Sant Pere de Ribes, Sitges i Vilanova i la Geltr\u00fa, aix\u00ed com del Consell Comarcal del Garraf i la Diputaci\u00f3 de Barcelona.<\/span><\/span><\/span><\/p>\n<p style=\"text-align: center;\"><strong><a class=\"blank\" href=\"https:\/\/cegarraf.cat\/wp-content\/uploads\/Classificacio-FC-Patinatge-26-04-2026.pdf\" target=\"_blank\" rel=\"noopener\">Resultats i Classificacions<\/a><\/strong><\/p>\n<p>&nbsp;<\/p>\n<p style=\"text-align: center;\"><strong>www.cegarraf.cat<\/strong><\/p>\n","protected":false},"excerpt":{"rendered":"<p>El Pavell\u00f3 Emma Roca de Canyelles reunieix el millor patinatge art\u00edstic escolar del Garraf<\/p>\n","protected":false},"author":2,"featured_media":31226,"comment_status":"closed","ping_status":"closed","sticky":false,"template":"","format":"standard","meta":{"_monsterinsights_skip_tracking":false,"_monsterinsights_sitenote_active":false,"_monsterinsights_sitenote_note":"","_monsterinsights_sitenote_category":0,"footnotes":""},"categories":[11,2],"tags":[],"aioseo_notices":[],"publishpress_future_action":{"enabled":false,"date":"2026-05-09 13:43:26","action":"change-status","newStatus":"draft","terms":[],"taxonomy":"category"},"_links":{"self":[{"href":"https:\/\/cegarraf.cat\/index.php\/wp-json\/wp\/v2\/posts\/31227"}],"collection":[{"href":"https:\/\/cegarraf.cat\/index.php\/wp-json\/wp\/v2\/posts"}],"about":[{"href":"https:\/\/cegarraf.cat\/index.php\/wp-json\/wp\/v2\/types\/post"}],"author":[{"embeddable":true,"href":"https:\/\/cegarraf.cat\/index.php\/wp-json\/wp\/v2\/users\/2"}],"replies":[{"embeddable":true,"href":"https:\/\/cegarraf.cat\/index.php\/wp-json\/wp\/v2\/comments?post=31227"}],"version-history":[{"count":4,"href":"https:\/\/cegarraf.cat\/index.php\/wp-json\/wp\/v2\/posts\/31227\/revisions"}],"predecessor-version":[{"id":31231,"href":"https:\/\/cegarraf.cat\/index.php\/wp-json\/wp\/v2\/posts\/31227\/revisions\/31231"}],"wp:featuredmedia":[{"embeddable":true,"href":"https:\/\/cegarraf.cat\/index.php\/wp-json\/wp\/v2\/media\/31226"}],"wp:attachment":[{"href":"https:\/\/cegarraf.cat\/index.php\/wp-json\/wp\/v2\/media?parent=31227"}],"wp:term":[{"taxonomy":"category","embeddable":true,"href":"https:\/\/cegarraf.cat\/index.php\/wp-json\/wp\/v2\/categories?post=31227"},{"taxonomy":"post_tag","embeddable":true,"href":"https:\/\/cegarraf.cat\/index.php\/wp-json\/wp\/v2\/tags?post=31227"}],"curies":[{"name":"wp","href":"https:\/\/api.w.org\/{rel}","templated":true}]}}