{"id":31223,"date":"2026-04-26T23:18:40","date_gmt":"2026-04-26T21:18:40","guid":{"rendered":"https:\/\/cegarraf.cat\/?p=31223"},"modified":"2026-04-28T15:09:34","modified_gmt":"2026-04-28T13:09:34","slug":"lliga-comarcal-futbol-7-esportpopular-279","status":"publish","type":"post","link":"https:\/\/cegarraf.cat\/index.php\/noticies\/lliga-comarcal-futbol-7-esportpopular-279","title":{"rendered":"LLIGA COMARCAL FUTBOL-7 (#esportpopular)"},"content":{"rendered":"<h4><a href=\"https:\/\/cegarraf.cat\/wp-content\/uploads\/RECUPERACIO-28.04.26.png\"><img loading=\"lazy\" decoding=\"async\" class=\"aligncenter wp-image-31222 size-medium\" src=\"https:\/\/cegarraf.cat\/wp-content\/uploads\/RECUPERACIO-28.04.26-300x251.png\" alt=\"\" width=\"300\" height=\"251\" data-id=\"31222\" srcset=\"https:\/\/cegarraf.cat\/wp-content\/uploads\/RECUPERACIO-28.04.26-300x251.png 300w, https:\/\/cegarraf.cat\/wp-content\/uploads\/RECUPERACIO-28.04.26-600x503.png 600w, https:\/\/cegarraf.cat\/wp-content\/uploads\/RECUPERACIO-28.04.26-200x168.png 200w, https:\/\/cegarraf.cat\/wp-content\/uploads\/RECUPERACIO-28.04.26-768x644.png 768w, https:\/\/cegarraf.cat\/wp-content\/uploads\/RECUPERACIO-28.04.26.png 940w\" sizes=\"(max-width: 300px) 100vw, 300px\" \/><\/a><\/h4>\n<h4>Horaris JORNADA RECUPERACI\u00d3<\/h4>\n<ul>\n<li><em>Dimarts 28.04.26<\/em><\/li>\n<\/ul>\n<p style=\"text-align: center;\"><span class=\"a_GcMg font-feature-liga-off font-feature-clig-off font-feature-calt-off text-decoration-none text-strikethrough-none\">Tercera Divisi\u00f3 \/ Grup B (Jornada 13)<\/span><\/p>\n<p style=\"text-align: center;\"><strong>PREMIER TEAM FC \u2013 ROYAL ACADEMY <\/strong>\u00a0\u00a0ANNEX 3<\/p>\n<p>&nbsp;<\/p>\n<p style=\"text-align: center;\">La\u00a0<strong>LLIGA COMARCAL FUTBOL-7<\/strong>, organitzada pel Consell Esportiu del Garraf, compta amb el suport dels ajuntaments de Canyelles, Cubelles, Olivella, Sant Pere de Ribes, Sitges i Vilanova i la Geltr\u00fa aix\u00ed com del Consell Comarcal del Garraf i la Diputaci\u00f3 de Barcelona.<\/p>\n<p style=\"text-align: center;\"><strong>www.cegarraf.cat<\/strong><\/p>\n","protected":false},"excerpt":{"rendered":"<p>Horaris JORNADA RECUPERACI\u00d3<\/p>\n","protected":false},"author":2,"featured_media":30059,"comment_status":"closed","ping_status":"closed","sticky":false,"template":"","format":"standard","meta":{"_monsterinsights_skip_tracking":false,"_monsterinsights_sitenote_active":false,"_monsterinsights_sitenote_note":"","_monsterinsights_sitenote_category":0,"footnotes":""},"categories":[12,2],"tags":[],"aioseo_notices":[],"publishpress_future_action":{"enabled":false,"date":"2026-05-09 13:43:15","action":"change-status","newStatus":"draft","terms":[],"taxonomy":"category"},"_links":{"self":[{"href":"https:\/\/cegarraf.cat\/index.php\/wp-json\/wp\/v2\/posts\/31223"}],"collection":[{"href":"https:\/\/cegarraf.cat\/index.php\/wp-json\/wp\/v2\/posts"}],"about":[{"href":"https:\/\/cegarraf.cat\/index.php\/wp-json\/wp\/v2\/types\/post"}],"author":[{"embeddable":true,"href":"https:\/\/cegarraf.cat\/index.php\/wp-json\/wp\/v2\/users\/2"}],"replies":[{"embeddable":true,"href":"https:\/\/cegarraf.cat\/index.php\/wp-json\/wp\/v2\/comments?post=31223"}],"version-history":[{"count":1,"href":"https:\/\/cegarraf.cat\/index.php\/wp-json\/wp\/v2\/posts\/31223\/revisions"}],"predecessor-version":[{"id":31224,"href":"https:\/\/cegarraf.cat\/index.php\/wp-json\/wp\/v2\/posts\/31223\/revisions\/31224"}],"wp:featuredmedia":[{"embeddable":true,"href":"https:\/\/cegarraf.cat\/index.php\/wp-json\/wp\/v2\/media\/30059"}],"wp:attachment":[{"href":"https:\/\/cegarraf.cat\/index.php\/wp-json\/wp\/v2\/media?parent=31223"}],"wp:term":[{"taxonomy":"category","embeddable":true,"href":"https:\/\/cegarraf.cat\/index.php\/wp-json\/wp\/v2\/categories?post=31223"},{"taxonomy":"post_tag","embeddable":true,"href":"https:\/\/cegarraf.cat\/index.php\/wp-json\/wp\/v2\/tags?post=31223"}],"curies":[{"name":"wp","href":"https:\/\/api.w.org\/{rel}","templated":true}]}}