{"id":31204,"date":"2026-04-24T14:36:16","date_gmt":"2026-04-24T12:36:16","guid":{"rendered":"https:\/\/cegarraf.cat\/?p=31204"},"modified":"2026-04-24T14:36:16","modified_gmt":"2026-04-24T12:36:16","slug":"lliga-comarcal-futbol-7-esportpopular-278","status":"publish","type":"post","link":"https:\/\/cegarraf.cat\/index.php\/noticies\/lliga-comarcal-futbol-7-esportpopular-278","title":{"rendered":"LLIGA COMARCAL FUTBOL-7 (#esportpopular)"},"content":{"rendered":"<div class=\"elementor-element elementor-element-204f92a elementor-widget elementor-widget-theme-post-title elementor-page-title elementor-widget-heading\" data-id=\"204f92a\" data-element_type=\"widget\" data-e-type=\"widget\" data-widget_type=\"theme-post-title.default\">\n<div class=\"elementor-widget-container\">\n<h4><a href=\"https:\/\/cegarraf.cat\/wp-content\/uploads\/fc-fisiolab.jpeg\"><img loading=\"lazy\" decoding=\"async\" class=\"aligncenter wp-image-31201 size-medium\" src=\"https:\/\/cegarraf.cat\/wp-content\/uploads\/fc-fisiolab-300x300.jpeg\" alt=\"\" width=\"300\" height=\"300\" data-id=\"31201\" srcset=\"https:\/\/cegarraf.cat\/wp-content\/uploads\/fc-fisiolab-300x300.jpeg 300w, https:\/\/cegarraf.cat\/wp-content\/uploads\/fc-fisiolab-600x600.jpeg 600w, https:\/\/cegarraf.cat\/wp-content\/uploads\/fc-fisiolab-200x200.jpeg 200w, https:\/\/cegarraf.cat\/wp-content\/uploads\/fc-fisiolab-768x768.jpeg 768w, https:\/\/cegarraf.cat\/wp-content\/uploads\/fc-fisiolab-1536x1536.jpeg 1536w, https:\/\/cegarraf.cat\/wp-content\/uploads\/fc-fisiolab.jpeg 2046w\" sizes=\"(max-width: 300px) 100vw, 300px\" \/><\/a><\/h4>\n<h4 class=\"elementor-heading-title elementor-size-default\">El Fisiolab, campi\u00f3 al grup A de Tercera Divisi\u00f3 en l\u2019\u00faltima jornada<\/h4>\n<\/div>\n<\/div>\n<div class=\"elementor-element elementor-element-3899e1c elementor-widget elementor-widget-theme-post-excerpt\" data-id=\"3899e1c\" data-element_type=\"widget\" data-e-type=\"widget\" data-widget_type=\"theme-post-excerpt.default\">\n<div class=\"elementor-widget-container\"><em>La Celeste, campi\u00f3 a Primera, clou la Lliga sense con\u00e8ixer la derrota<\/em><\/div>\n<div>\n<p>El\u00a0<span class=\"hiddenSpellError\">Fisiolab<\/span>\u00a0va imposar-se, dimecres, per 0-1 al Som Origen Mediterrani en la darrera jornada i es va proclamar campi\u00f3 del grup A de la Tercera Divisi\u00f3 de la Lliga de Futbol 7 del Consell Esportiu del Garraf.<\/p>\n<p>S\u2019enfrontaven els dos primers, amb la paella pel m\u00e0nec per al Som Origen Mediterrani, que en tenia prou amb l\u2019empat. Al final, un solitari gol d\u2019Isaac\u00a0<span class=\"hiddenSpellError\">Mudarra<\/span>\u00a0va donar el triomf i el t\u00edtol al\u00a0<span class=\"hiddenSpellError\">Fisiolab<\/span>.<\/p>\n<p>Al grup B de Tercera, el campi\u00f3\u00a0<span class=\"hiddenSpellError\">Bajitos<\/span>\u00a0<span class=\"hiddenGrammarError\">y<\/span>\u00a0Furiosos va tancar el campionat amb una derrota per 3-4 contra el Premier Team. El\u00a0<span class=\"hiddenSpellError\">Bailengo<\/span>\u00a0es va confirmar com a segon classificat, tot golejant\u00a0<span class=\"hiddenGrammarError\">el<\/span>\u00a0Royal Academy per 0-7, amb cinc dianes d\u2019Aleix\u00a0<span class=\"hiddenSpellError\">Ceresola<\/span>.<\/p>\n<p>A Segona Divisi\u00f3, nou triomf del campi\u00f3\u00a0<span class=\"hiddenSpellError\">Rayo<\/span>\u00a0de Vilanova (3-4 sobre l\u2019<span class=\"hiddenSpellError\">Atl\u00e9tico<\/span>\u00a0<span class=\"hiddenSpellError\">Perroflautas<\/span>). El partit m\u00e9s destacat de la darrera jornada van jugar-lo el Vilanova\u00a0<span class=\"hiddenSpellError\">Saint<\/span>\u00a0<span class=\"hiddenSpellError\">Princes<\/span>\u00a0i el\u00a0<span class=\"hiddenSpellError\">Toquetas<\/span>, segon i tercer, que van firmar taules (2-2).<\/p>\n<p>A Primera, La Celeste, campi\u00f3 des de mitjan mes de mar\u00e7, va posar el punt final a la Lliga amb un rotund 12-1 sobre la Braseria Sporting Club i no ha cedit cap derrota (13 triomfs i un empat en 14 partits).<\/p>\n<p style=\"text-align: center;\">Podeu llegir la noticia a\u00a0<strong><a class=\"blank\" href=\"https:\/\/www.elprimer.cat\/\" target=\"_blank\" rel=\"noopener\">elPrimer.cat<\/a><\/strong><\/p>\n<p style=\"text-align: center;\">La\u00a0<a class=\"blank\" href=\"https:\/\/cegarraf.cat\/index.php\/esports-de-lleure\/futbol-7\" target=\"_blank\" rel=\"noopener\">LLIGA COMARCAL FUTBOL-7<\/a>, organitzada pel Consell Esportiu del Garraf, compta amb el suport dels ajuntaments de Canyelles, Cubelles, Olivella, Sant Pere de Ribes, Sitges i Vilanova i la Geltr\u00fa aix\u00ed com del Consell Comarcal del Garraf i la Diputaci\u00f3 de Barcelona.<\/p>\n<p style=\"text-align: center;\"><strong>www.cegarraf.cat<\/strong><\/p>\n<\/div>\n<\/div>\n","protected":false},"excerpt":{"rendered":"<p>El Fisiolab, campi\u00f3 al grup A de Tercera Divisi\u00f3 en l\u2019\u00faltima jornada<\/p>\n","protected":false},"author":2,"featured_media":31201,"comment_status":"closed","ping_status":"closed","sticky":false,"template":"","format":"standard","meta":{"_monsterinsights_skip_tracking":false,"_monsterinsights_sitenote_active":false,"_monsterinsights_sitenote_note":"","_monsterinsights_sitenote_category":0,"footnotes":""},"categories":[12,2],"tags":[],"aioseo_notices":[],"publishpress_future_action":{"enabled":false,"date":"2026-05-09 13:43:26","action":"change-status","newStatus":"draft","terms":[],"taxonomy":"category"},"_links":{"self":[{"href":"https:\/\/cegarraf.cat\/index.php\/wp-json\/wp\/v2\/posts\/31204"}],"collection":[{"href":"https:\/\/cegarraf.cat\/index.php\/wp-json\/wp\/v2\/posts"}],"about":[{"href":"https:\/\/cegarraf.cat\/index.php\/wp-json\/wp\/v2\/types\/post"}],"author":[{"embeddable":true,"href":"https:\/\/cegarraf.cat\/index.php\/wp-json\/wp\/v2\/users\/2"}],"replies":[{"embeddable":true,"href":"https:\/\/cegarraf.cat\/index.php\/wp-json\/wp\/v2\/comments?post=31204"}],"version-history":[{"count":1,"href":"https:\/\/cegarraf.cat\/index.php\/wp-json\/wp\/v2\/posts\/31204\/revisions"}],"predecessor-version":[{"id":31205,"href":"https:\/\/cegarraf.cat\/index.php\/wp-json\/wp\/v2\/posts\/31204\/revisions\/31205"}],"wp:featuredmedia":[{"embeddable":true,"href":"https:\/\/cegarraf.cat\/index.php\/wp-json\/wp\/v2\/media\/31201"}],"wp:attachment":[{"href":"https:\/\/cegarraf.cat\/index.php\/wp-json\/wp\/v2\/media?parent=31204"}],"wp:term":[{"taxonomy":"category","embeddable":true,"href":"https:\/\/cegarraf.cat\/index.php\/wp-json\/wp\/v2\/categories?post=31204"},{"taxonomy":"post_tag","embeddable":true,"href":"https:\/\/cegarraf.cat\/index.php\/wp-json\/wp\/v2\/tags?post=31204"}],"curies":[{"name":"wp","href":"https:\/\/api.w.org\/{rel}","templated":true}]}}