{"id":31181,"date":"2026-04-22T18:53:14","date_gmt":"2026-04-22T16:53:14","guid":{"rendered":"https:\/\/cegarraf.cat\/?p=31181"},"modified":"2026-04-24T16:09:54","modified_gmt":"2026-04-24T14:09:54","slug":"competicio-comarcal-de-patinatge-artistic-jeec-2025-2026-6","status":"publish","type":"post","link":"https:\/\/cegarraf.cat\/index.php\/noticies\/competicio-comarcal-de-patinatge-artistic-jeec-2025-2026-6","title":{"rendered":"COMPETICI\u00d3 COMARCAL DE PATINATGE ART\u00cdSTIC (JEEC 2025\/2026)"},"content":{"rendered":"<h4><a href=\"https:\/\/cegarraf.cat\/wp-content\/uploads\/patinatge-26.04.26.png\"><img loading=\"lazy\" decoding=\"async\" class=\"aligncenter wp-image-31206 size-medium\" src=\"https:\/\/cegarraf.cat\/wp-content\/uploads\/patinatge-26.04.26-240x300.png\" alt=\"\" width=\"240\" height=\"300\" data-id=\"31206\" srcset=\"https:\/\/cegarraf.cat\/wp-content\/uploads\/patinatge-26.04.26-240x300.png 240w, https:\/\/cegarraf.cat\/wp-content\/uploads\/patinatge-26.04.26-480x600.png 480w, https:\/\/cegarraf.cat\/wp-content\/uploads\/patinatge-26.04.26-160x200.png 160w, https:\/\/cegarraf.cat\/wp-content\/uploads\/patinatge-26.04.26-768x960.png 768w, https:\/\/cegarraf.cat\/wp-content\/uploads\/patinatge-26.04.26-1229x1536.png 1229w, https:\/\/cegarraf.cat\/wp-content\/uploads\/patinatge-26.04.26.png 1632w\" sizes=\"(max-width: 240px) 100vw, 240px\" \/><\/a><\/h4>\n<h4><strong class=\"Yjhzub\" data-sfc-root=\"c\" data-sfc-cb=\"\" data-complete=\"true\" aria-owns=\"action-menu-parent-container\">L&#8217;activitat celebra la seva jornada final aquest diumenge 26 d\u2019abril<\/strong><\/h4>\n<ul>\n<li>Data: 26 d\u2019abril de 2026<\/li>\n<li>Inici competici\u00f3 mat\u00ed : 09.30 hores (Juvenil\/Cadet\/Infantil\/Alev\u00ed\/Benjam\u00ed)<\/li>\n<li>Inici competici\u00f3 tarda: 16:00 hores (Prebenjam\u00ed)<\/li>\n<li id=\"page-title\" aria-hidden=\"true\">Lloc:\u00a0<a class=\"blank\" href=\"https:\/\/www.google.es\/maps\/search\/pavello+emma+roca\/@41.2565536,1.7042417,6536m\/data=!3m2!1e3!4b1?entry=ttu&amp;g_ep=EgoyMDI2MDMwNS4wIKXMDSoASAFQAw%3D%3D\" target=\"_blank\" rel=\"noopener\">Pavell\u00f3 Emma Roca<\/a><\/li>\n<li id=\"page-title\" aria-hidden=\"true\">Adre\u00e7a: Passeig Zona Esportiva, s\/n<\/li>\n<li>Municipi: Canyelles<\/li>\n<\/ul>\n<p style=\"text-align: center;\">Participaci\u00f3 reservada a les 10 millors puntuacions de cada una de les categories en la fase previa i inscrites pels responsables de la seva entitat per aquesta jornada<\/p>\n<p style=\"text-align: center;\"><strong><a href=\"https:\/\/cegarraf.cat\/wp-content\/uploads\/Ordre-de-Sortida-Final-Comarcal-5.pdf\" target=\"_blank\" rel=\"noopener\">Horaris i Ordre de Sortida<\/a><\/strong><\/p>\n<p style=\"text-align: center;\"><em>Els Jocs Esportius Escolars de Catalunya (JEEC) \u00e9s el programa de la\u00a0<a href=\"https:\/\/esport.gencat.cat\/ca\/arees_dactuacio\/escolar\/\">Generalitat de Catalunya<\/a>\u00a0que t\u00e9 com a objectiu principal impulsar la transmissi\u00f3 de valors socials i l\u2019adquisici\u00f3 d\u2019h\u00e0bits saludables, mitjan\u00e7ant un\u00a0<strong>model de competici\u00f3<\/strong>\u00a0i\u00a0<strong>activitat esportiva escolar<\/strong>\u00a0educativa i participativa<\/em>.<\/p>\n<p style=\"text-align: center;\"><em><span class=\"a_GcMg font-feature-liga-off font-feature-clig-off font-feature-calt-off text-decoration-none text-strikethrough-none\">La Fase Comarcal del Garraf compta amb el suport dels ajuntaments de Canyelles, Cubelles, Olivella, Sant Pere de Ribes, Sitges i Vilanova i la Geltr\u00fa aix\u00ed com del Consell catal\u00e0 de l\u2019Esport, el Comarcal del Garraf i la Diputaci\u00f3 de Barcelona.<\/span><\/em><\/p>\n<p style=\"text-align: center;\"><strong>www.cegarraf.cat<\/strong><\/p>\n","protected":false},"excerpt":{"rendered":"<p>L&#8217;activitat celebra la seva jornada final aquest diumenge 26 d\u2019abril<\/p>\n","protected":false},"author":2,"featured_media":31206,"comment_status":"closed","ping_status":"closed","sticky":false,"template":"","format":"standard","meta":{"_monsterinsights_skip_tracking":false,"_monsterinsights_sitenote_active":false,"_monsterinsights_sitenote_note":"","_monsterinsights_sitenote_category":0,"footnotes":""},"categories":[11,2],"tags":[],"aioseo_notices":[],"publishpress_future_action":{"enabled":false,"date":"2026-05-09 13:43:27","action":"change-status","newStatus":"draft","terms":[],"taxonomy":"category"},"_links":{"self":[{"href":"https:\/\/cegarraf.cat\/index.php\/wp-json\/wp\/v2\/posts\/31181"}],"collection":[{"href":"https:\/\/cegarraf.cat\/index.php\/wp-json\/wp\/v2\/posts"}],"about":[{"href":"https:\/\/cegarraf.cat\/index.php\/wp-json\/wp\/v2\/types\/post"}],"author":[{"embeddable":true,"href":"https:\/\/cegarraf.cat\/index.php\/wp-json\/wp\/v2\/users\/2"}],"replies":[{"embeddable":true,"href":"https:\/\/cegarraf.cat\/index.php\/wp-json\/wp\/v2\/comments?post=31181"}],"version-history":[{"count":4,"href":"https:\/\/cegarraf.cat\/index.php\/wp-json\/wp\/v2\/posts\/31181\/revisions"}],"predecessor-version":[{"id":31208,"href":"https:\/\/cegarraf.cat\/index.php\/wp-json\/wp\/v2\/posts\/31181\/revisions\/31208"}],"wp:featuredmedia":[{"embeddable":true,"href":"https:\/\/cegarraf.cat\/index.php\/wp-json\/wp\/v2\/media\/31206"}],"wp:attachment":[{"href":"https:\/\/cegarraf.cat\/index.php\/wp-json\/wp\/v2\/media?parent=31181"}],"wp:term":[{"taxonomy":"category","embeddable":true,"href":"https:\/\/cegarraf.cat\/index.php\/wp-json\/wp\/v2\/categories?post=31181"},{"taxonomy":"post_tag","embeddable":true,"href":"https:\/\/cegarraf.cat\/index.php\/wp-json\/wp\/v2\/tags?post=31181"}],"curies":[{"name":"wp","href":"https:\/\/api.w.org\/{rel}","templated":true}]}}