{"id":31166,"date":"2026-04-22T00:00:31","date_gmt":"2026-04-21T22:00:31","guid":{"rendered":"https:\/\/cegarraf.cat\/?p=31166"},"modified":"2026-04-22T00:00:31","modified_gmt":"2026-04-21T22:00:31","slug":"competicio-intercomarcal-gimnastica-ritmica-conjunts-jeec-2025-2026-7","status":"publish","type":"post","link":"https:\/\/cegarraf.cat\/index.php\/noticies\/competicio-intercomarcal-gimnastica-ritmica-conjunts-jeec-2025-2026-7","title":{"rendered":"Competici\u00f3 Intercomarcal Gimn\u00e0stica R\u00edtmica Conjunts (JEEC 2025\/2026)"},"content":{"rendered":"<p><a href=\"https:\/\/cegarraf.cat\/wp-content\/uploads\/ritmica-25.04.26.jpeg\"><img loading=\"lazy\" decoding=\"async\" class=\"aligncenter wp-image-31165 size-medium\" src=\"https:\/\/cegarraf.cat\/wp-content\/uploads\/ritmica-25.04.26-240x300.jpeg\" alt=\"\" width=\"240\" height=\"300\" data-id=\"31165\" srcset=\"https:\/\/cegarraf.cat\/wp-content\/uploads\/ritmica-25.04.26-240x300.jpeg 240w, https:\/\/cegarraf.cat\/wp-content\/uploads\/ritmica-25.04.26-480x600.jpeg 480w, https:\/\/cegarraf.cat\/wp-content\/uploads\/ritmica-25.04.26-160x200.jpeg 160w, https:\/\/cegarraf.cat\/wp-content\/uploads\/ritmica-25.04.26-768x960.jpeg 768w, https:\/\/cegarraf.cat\/wp-content\/uploads\/ritmica-25.04.26-1229x1536.jpeg 1229w, https:\/\/cegarraf.cat\/wp-content\/uploads\/ritmica-25.04.26.jpeg 1632w\" sizes=\"(max-width: 240px) 100vw, 240px\" \/><\/a><\/p>\n<p><strong class=\"Yjhzub\" data-sfc-root=\"c\" data-sfc-cb=\"\" data-complete=\"true\" aria-owns=\"action-menu-parent-container\">La jornada final d&#8217;aquesta activitat se celebrar\u00e0 aquest dissabte, 25 d&#8217;abril<\/strong><\/p>\n<ul>\n<li>Data: Dissabte, 25 d\u2019abril de 2026<\/li>\n<li>Inici competici\u00f3 : 09:30 hores<\/li>\n<li>Lloc:\u00a0<a class=\"blank\" href=\"https:\/\/www.google.com\/maps\/place\/\/data=!4m2!3m1!1s0x12a479f7e6da2451:0x376b646b0cffb040?sa=X&amp;ved=1t:8290&amp;ictx=111\" target=\"_blank\" rel=\"noopener\">Pavell\u00f3 Nou<\/a><\/li>\n<li>Adre\u00e7a: Avinguda Catalunya, s\/n<\/li>\n<li>Municipi: Vilafranca del Pened\u00e8s<\/li>\n<\/ul>\n<p style=\"text-align: center;\"><strong><a class=\"blank\" href=\"https:\/\/cegarraf.cat\/wp-content\/uploads\/HORARI1.pdf\" target=\"_blank\" rel=\"noopener\">Horari i Ordre de sortida<\/a><\/strong><\/p>\n<p style=\"text-align: center;\">Participaci\u00f3 reservada a esportistes amb fitxa JEEC 25\/26 i inscrits\/es per la seva entitat per aquesta jornada.<\/p>\n<p style=\"text-align: center;\"><em>Els Jocs Esportius Escolars de Catalunya (JEEC) \u00e9s el programa de la\u00a0<a href=\"https:\/\/esport.gencat.cat\/ca\/arees_dactuacio\/escolar\/\">Generalitat de Catalunya<\/a>\u00a0que t\u00e9 com a objectiu principal impulsar la transmissi\u00f3 de valors socials i l\u2019adquisici\u00f3 d\u2019h\u00e0bits saludables, mitjan\u00e7ant un\u00a0<strong>model de competici\u00f3<\/strong>\u00a0i\u00a0<strong>activitat esportiva escolar<\/strong>\u00a0educativa i participativa<\/em>.<\/p>\n<p style=\"text-align: center;\"><em><span class=\"a_GcMg font-feature-liga-off font-feature-clig-off font-feature-calt-off text-decoration-none text-strikethrough-none\">La Fase Comarcal del Garraf compta amb el suport dels ajuntaments de Canyelles, Cubelles, Olivella, Sant Pere de Ribes, Sitges i Vilanova i la Geltr\u00fa aix\u00ed com del Consell catal\u00e0 de l\u2019Esport, el Comarcal del Garraf i la Diputaci\u00f3 de Barcelona.<\/span><\/em><\/p>\n<p style=\"text-align: center;\"><strong>www.cegarraf.cat<\/strong><\/p>\n","protected":false},"excerpt":{"rendered":"<p>La jornada final d&#8217;aquesta activitat se celebrar\u00e0 aquest dissabte, 25 d&#8217;abril<\/p>\n","protected":false},"author":2,"featured_media":31165,"comment_status":"closed","ping_status":"closed","sticky":false,"template":"","format":"standard","meta":{"_monsterinsights_skip_tracking":false,"_monsterinsights_sitenote_active":false,"_monsterinsights_sitenote_note":"","_monsterinsights_sitenote_category":0,"footnotes":""},"categories":[11,2],"tags":[],"aioseo_notices":[],"publishpress_future_action":{"enabled":false,"date":"2026-05-09 13:44:09","action":"change-status","newStatus":"draft","terms":[],"taxonomy":"category"},"_links":{"self":[{"href":"https:\/\/cegarraf.cat\/index.php\/wp-json\/wp\/v2\/posts\/31166"}],"collection":[{"href":"https:\/\/cegarraf.cat\/index.php\/wp-json\/wp\/v2\/posts"}],"about":[{"href":"https:\/\/cegarraf.cat\/index.php\/wp-json\/wp\/v2\/types\/post"}],"author":[{"embeddable":true,"href":"https:\/\/cegarraf.cat\/index.php\/wp-json\/wp\/v2\/users\/2"}],"replies":[{"embeddable":true,"href":"https:\/\/cegarraf.cat\/index.php\/wp-json\/wp\/v2\/comments?post=31166"}],"version-history":[{"count":1,"href":"https:\/\/cegarraf.cat\/index.php\/wp-json\/wp\/v2\/posts\/31166\/revisions"}],"predecessor-version":[{"id":31167,"href":"https:\/\/cegarraf.cat\/index.php\/wp-json\/wp\/v2\/posts\/31166\/revisions\/31167"}],"wp:featuredmedia":[{"embeddable":true,"href":"https:\/\/cegarraf.cat\/index.php\/wp-json\/wp\/v2\/media\/31165"}],"wp:attachment":[{"href":"https:\/\/cegarraf.cat\/index.php\/wp-json\/wp\/v2\/media?parent=31166"}],"wp:term":[{"taxonomy":"category","embeddable":true,"href":"https:\/\/cegarraf.cat\/index.php\/wp-json\/wp\/v2\/categories?post=31166"},{"taxonomy":"post_tag","embeddable":true,"href":"https:\/\/cegarraf.cat\/index.php\/wp-json\/wp\/v2\/tags?post=31166"}],"curies":[{"name":"wp","href":"https:\/\/api.w.org\/{rel}","templated":true}]}}